[{"@context":"https:\/\/schema.org\/","@type":"Article","@id":"https:\/\/profimix.cz\/sidlo-firmy-v-praze-vyuzijte-i-jinak\/#Article","mainEntityOfPage":"https:\/\/profimix.cz\/sidlo-firmy-v-praze-vyuzijte-i-jinak\/","headline":"S\u00eddlo firmy v Praze vyu\u017eijte i jinak","name":"S\u00eddlo firmy v Praze vyu\u017eijte i jinak","description":"Uva\u017eujete nad z\u0159\u00edzen\u00edm s\u00eddla firmy v Praze a je v\u00e1m jasn\u00e9, \u017ee tu budete m\u00edt k dispozici zasedac\u00ed m\u00edstnost, kterou vyu\u017eijete pro administrativn\u00ed \u00fa\u010dely? Po\u010d\u00edt\u00e1te s t\u00edm, \u017ee Praha je natolik anonymn\u00ed prost\u0159ed\u00ed, \u017ee v\u00e1m poskytne vhodn\u00fd prostor pro va\u0161i \u010dinnost, a \u017ee v\u00e1s tu nebude obt\u011b\u017eovat \u017e\u00e1dn\u00fd \u201eLojza\u201c z ulice, jemu\u017e lezete na nervy [&hellip;]","datePublished":"2024-10-11","dateModified":"2024-10-11","author":{"@type":"Person","@id":"https:\/\/profimix.cz\/author\/#Person","name":"","url":"https:\/\/profimix.cz\/author\/","identifier":1,"image":{"@type":"ImageObject","@id":"https:\/\/secure.gravatar.com\/avatar\/2d2e3fdaba6370eba756fb4048c695326686ff29010a0df4d58b27c20544521d?s=96&d=mm&r=g","url":"https:\/\/secure.gravatar.com\/avatar\/2d2e3fdaba6370eba756fb4048c695326686ff29010a0df4d58b27c20544521d?s=96&d=mm&r=g","height":96,"width":96}},"publisher":{"@type":"Organization","name":"profimix.cz","logo":{"@type":"ImageObject","@id":"\/logo.png","url":"\/logo.png","width":600,"height":60}},"image":{"@type":"ImageObject","@id":"https:\/\/profimix.cz\/wp-content\/uploads\/theater-5994975_640.jpg","url":"https:\/\/profimix.cz\/wp-content\/uploads\/theater-5994975_640.jpg","height":0,"width":0},"url":"https:\/\/profimix.cz\/sidlo-firmy-v-praze-vyuzijte-i-jinak\/","about":["Byznys"],"wordCount":420,"articleBody":"   Uva\u017eujete nad z\u0159\u00edzen\u00edm s\u00eddla firmy v Praze a je v\u00e1m jasn\u00e9, \u017ee tu budete m\u00edt k dispozici zasedac\u00ed m\u00edstnost, kterou vyu\u017eijete pro administrativn\u00ed \u00fa\u010dely? Po\u010d\u00edt\u00e1te s t\u00edm, \u017ee Praha je natolik anonymn\u00ed prost\u0159ed\u00ed, \u017ee v\u00e1m poskytne vhodn\u00fd prostor pro va\u0161i \u010dinnost, a \u017ee v\u00e1s tu nebude obt\u011b\u017eovat \u017e\u00e1dn\u00fd \u201eLojza\u201c z ulice, jemu\u017e lezete na nervy a bledne z\u00e1vist\u00ed? M\u00e1te samoz\u0159ejm\u011b \u00faplnou pravdu a virtu\u00e1ln\u00ed s\u00eddla firem se z tohoto d\u016fvodu tak\u00e9 z\u0159izuj\u00ed, ale r\u00e1di bychom v\u00e1m p\u0159ipomn\u011bli, \u017ee jste v Praze, a \u017ee pr\u00e1v\u011b Praha poskytuje netu\u0161en\u00e9 mo\u017enosti vy\u017eit\u00ed i ve voln\u00e9m \u010dase. Jestli\u017ee tedy vyu\u017e\u00edv\u00e1te zasedac\u00ed m\u00edstnost a m\u00e1te za sebou p\u00e1r hodin spole\u010dn\u00e9 pr\u00e1ce, usedn\u011bte v Praze do sedla bicyklu a b\u011b\u017ete se prov\u011btrat. Porad\u00edme v\u00e1m, kde se v\u00e1m to bude zamlouvat a bude to st\u00e1t za to:Divok\u00e1 \u0160\u00e1rka \u2013 v tomto p\u0159\u00edrodn\u00edm parku je vybudov\u00e1na s\u00ed\u0165 p\u011b\u0161\u00edch stezek a cyklotras, kter\u00e9 vedou po asfaltov\u00fdch p\u011b\u0161in\u00e1ch, nesm\u00edrn\u011b pohodln\u00fdch i pro cyklisty. Vyplat\u00ed se tu projet na kole od n\u00e1dr\u017ee D\u017eb\u00e1n sm\u011brem k ruzy\u0148sk\u00e9mu leti\u0161ti a P\u0159edn\u00ed Kopanin\u011b, je to jedna z nejp\u016fsobiv\u011bj\u0161\u00edch cyklistick\u00fdch tras v Praze a budete tu m\u00edt m\u00edsty pocit, \u017ee jste n\u011bkde v divo\u010din\u011b daleko od civilizace.P\u0159ehrada v Hostiva\u0159i \u2013 Hostiva\u0159sk\u00e1 p\u0159ehrada je n\u00e1dhern\u00e9 m\u00edsto pro rekreaci, daj\u00ed se tu provozovat vodn\u00ed sporty a je tu kr\u00e1sn\u011b i na podzim a v zim\u011b. P\u0159ehrada je dob\u0159e dostupn\u00e1 m\u011bstskou dopravou, tak\u017ee ani nemus\u00edte b\u00fdt z\u00e1visl\u00ed na osobn\u00edch autech.Pet\u0159\u00ednsk\u00e1 rozhledna \u2013 vrch Pet\u0159\u00edn sice nen\u00ed ide\u00e1ln\u00ed pro cyklistiku, ale na p\u011b\u0161\u00ed proch\u00e1zky je to vhodn\u00e9 m\u00edsto pro ka\u017ed\u00e9ho. M\u016f\u017eete tu spolu s va\u0161imi obchodn\u00edmi partnery projedn\u00e1vat va\u0161e z\u00e1le\u017eitosti v p\u0159\u00edrodn\u00edm prost\u0159ed\u00ed, je tu \u0159ada pohodln\u00fdch lavi\u010dek pro posezen\u00ed a z\u00e1kout\u00ed, kde v\u00e1s nikdo nebude ru\u0161it. Samoz\u0159ejm\u011b m\u016f\u017eete zaj\u00edt na ob\u011bd \u010di na ve\u010de\u0159i do n\u011bkter\u00e9 z bl\u00edzk\u00fdch restaurac\u00ed na \u00dajezd\u011b a zpest\u0159it si t\u00edm v\u00e1\u0161 program.                                                                                                                                                                                                                                                                                                                                                                                                  "},{"@context":"https:\/\/schema.org\/","@type":"BreadcrumbList","itemListElement":[{"@type":"ListItem","position":1,"name":"S\u00eddlo firmy v Praze vyu\u017eijte i jinak","item":"https:\/\/profimix.cz\/sidlo-firmy-v-praze-vyuzijte-i-jinak\/#breadcrumbitem"}]}]